{"id":25768,"date":"2020-10-01T12:15:54","date_gmt":"2020-10-01T12:15:54","guid":{"rendered":"https:\/\/paneco.ch\/?p=25768"},"modified":"2022-03-16T10:26:02","modified_gmt":"2022-03-16T10:26:02","slug":"edelweiss-nous-donne-de-lespoir","status":"publish","type":"post","link":"https:\/\/paneco.ch\/fr\/edelweiss-nous-donne-de-lespoir\/","title":{"rendered":"\u00abEdelweiss\u00bb nous donne de l\u2019espoir"},"content":{"rendered":"\n<p><strong>Retrouvailles avec une surprise<\/strong><\/p>\n\n\n\n<p>En F\u00e9vrier dernier, \u00abEdelweiss\u00bb a \u00e9t\u00e9 rep\u00e9r\u00e9e par l\u2019\u00e9quipe de la station de r\u00e9introduction de notre Programme de protection des orangs-outans. C\u2019\u00e9tait la premi\u00e8re fois qu\u2019elle \u00e9tait aper\u00e7ue depuis sa r\u00e9introduction dans la for\u00eat tropicale, il y a dix ans. Pendant leur tourn\u00e9e de surveillance, nos collaborateurs ont d\u00e9couvert la femelle orang-outan enceinte tout pr\u00e8s de la station de r\u00e9introduction. Il s\u2019agissait selon toute vraisemblance de \u00abEdelweiss\u00bb. C\u2019est \u00e9tonnant car elle a \u00e9t\u00e9 l\u2019un des premiers individu \u00e0 \u00eatre amen\u00e9 dans la station de r\u00e9introduction, qui venait d\u2019ouvrir ses portes \u00e0 l\u2019\u00e9poque. Mukhlisin, le directeur de la station de r\u00e9introduction, se rappelle : \u00abD\u00e8s que nous avons ouvert la porte de son enclos, \u00abEdelweiss\u00bb s\u2019est pr\u00e9cipit\u00e9e vers l\u2019arbre le plus proche et a disparu dans les profondeurs de la for\u00eat tropicale.\u00bb<\/p>\n\n\n\n<div style=\"height:50px\" aria-hidden=\"true\" class=\"wp-block-spacer\"><\/div>\n\n\n\n<p><strong>Bienvenue \u00abEja\u00bb<\/strong><\/p>\n\n\n\n<p>\u00abEdelweiss\u00bb s\u2019est montr\u00e9e une deuxi\u00e8me fois le 26 ao\u00fbt. Cette fois elle n\u2019\u00e9tait pas seule. A la plus grande joie de tous, elle portait un petit b\u00e9b\u00e9 dans ses bras. En gardant une distance s\u00fbre et respectueuse, les collaborateurs de l\u2019\u00e9quipe de surveillance ont observ\u00e9 qu\u2019\u00abEdelweiss\u00bb s\u2019occupait de son petit avec une attention touchante. C\u2019est seulement la troisi\u00e8me fois que nous pouvons constater que d\u2019anciens patients \u00e0 Jantho se sont reproduits. Ces b\u00e9b\u00e9s orangs-outans sont une belle r\u00e9compense pour notre engagement de longue date pour la protection de la for\u00eat tropicale en faveur des orangs-outans de Sumatra !<\/p>\n\n\n\n<div style=\"height:50px\" aria-hidden=\"true\" class=\"wp-block-spacer\"><\/div>\n\n\n\n<p><strong>Notre objectif<\/strong><\/p>\n\n\n\n<p>Nous r\u00e9introduisons des orangs-outans dans le cadre du Programme de protection des orangs-outans de Sumatra depuis 2011. Nous venons en aide \u00e0 des individus qui \u00e9taient d\u00e9tenus ill\u00e9galement comme animaux domestiques ou ont \u00e9t\u00e9 gravement bless\u00e9s par des humains. 126 d\u2019entre eux r\u00e9sident actuellement dans la for\u00eat tropicale de Jantho. Ces orang-outans r\u00e9introduits vivent dans une r\u00e9serve naturelle bien prot\u00e9g\u00e9e et constituent une nouvelle population. La population de Jantho est l\u2019une de deux populations \u00abback-up\u00bb que nous mettons en place pour les orangs-outans de Sumatra, une esp\u00e8ce en danger critique d\u2019extinction. Citra Nente, la responsable de la r\u00e9habilitation et de la r\u00e9introduction au sein de SOCP d\u00e9clare : \u00ab Ces populations \u00abback-up\u00bb sont comme un syst\u00e8me de sauvegarde. Si une catastrophe venait, d\u2019une fa\u00e7on ou d\u2019une autre, endommager s\u00e9v\u00e8rement les populations naturelles restantes de l\u2019\u00e9cosyst\u00e8me du Leuser, nos populations permettraient de pr\u00e9server l\u2019esp\u00e8ce. Cet aspect devient tr\u00e8s important en temps de pand\u00e9mie, car nous ne connaissons pas encore l\u2019ampleur de la menace du Covid-19 sur les orangs-outans. C\u2019est pour cela que chaque orang-outan r\u00e9introduit ou n\u00e9 \u00e0 Jantho, est d\u2019une importance cruciale et nous donne de l\u2019espoir pour le futur des orangs-outans \u00e0 Sumatra.\u00bb<\/p>\n","protected":false},"excerpt":{"rendered":"<p>Au beaun milieu de la pand\u00e9mie, l\u2019orang-outan \u00abEdelweiss\u00bb a donn\u00e9 naissance \u00e0 un b\u00e9b\u00e9 dans la for\u00eat tropicale de Jantho. Le petit n\u2019a que 3 \u00e0 5 mois et il incarne d\u00e9j\u00e0 l\u2019espoir de survie de son esp\u00e8ce.<\/p>\n","protected":false},"author":2,"featured_media":0,"comment_status":"closed","ping_status":"closed","sticky":false,"template":"","format":"standard","meta":{"site-sidebar-layout":"default","site-content-layout":"default","ast-site-content-layout":"default","site-content-style":"default","site-sidebar-style":"default","ast-global-header-display":"","ast-banner-title-visibility":"","ast-main-header-display":"","ast-hfb-above-header-display":"","ast-hfb-below-header-display":"","ast-hfb-mobile-header-display":"","site-post-title":"","ast-breadcrumbs-content":"","ast-featured-img":"","footer-sml-layout":"","ast-disable-related-posts":"","theme-transparent-header-meta":"default","adv-header-id-meta":"","stick-header-meta":"","header-above-stick-meta":"","header-main-stick-meta":"","header-below-stick-meta":"","astra-migrate-meta-layouts":"default","ast-page-background-enabled":"default","ast-page-background-meta":{"desktop":{"background-color":"var(--ast-global-color-4)","background-image":"","background-repeat":"repeat","background-position":"center center","background-size":"auto","background-attachment":"scroll","background-type":"","background-media":"","overlay-type":"","overlay-color":"","overlay-opacity":"","overlay-gradient":""},"tablet":{"background-color":"","background-image":"","background-repeat":"repeat","background-position":"center center","background-size":"auto","background-attachment":"scroll","background-type":"","background-media":"","overlay-type":"","overlay-color":"","overlay-opacity":"","overlay-gradient":""},"mobile":{"background-color":"","background-image":"","background-repeat":"repeat","background-position":"center center","background-size":"auto","background-attachment":"scroll","background-type":"","background-media":"","overlay-type":"","overlay-color":"","overlay-opacity":"","overlay-gradient":""}},"ast-content-background-meta":{"desktop":{"background-color":"var(--ast-global-color-5)","background-image":"","background-repeat":"repeat","background-position":"center center","background-size":"auto","background-attachment":"scroll","background-type":"","background-media":"","overlay-type":"","overlay-color":"","overlay-opacity":"","overlay-gradient":""},"tablet":{"background-color":"var(--ast-global-color-5)","background-image":"","background-repeat":"repeat","background-position":"center center","background-size":"auto","background-attachment":"scroll","background-type":"","background-media":"","overlay-type":"","overlay-color":"","overlay-opacity":"","overlay-gradient":""},"mobile":{"background-color":"var(--ast-global-color-5)","background-image":"","background-repeat":"repeat","background-position":"center center","background-size":"auto","background-attachment":"scroll","background-type":"","background-media":"","overlay-type":"","overlay-color":"","overlay-opacity":"","overlay-gradient":""}},"footnotes":""},"categories":[138],"tags":[],"class_list":["post-25768","post","type-post","status-publish","format-standard","hentry","category-protection-orang-outan"],"_links":{"self":[{"href":"https:\/\/paneco.ch\/fr\/wp-json\/wp\/v2\/posts\/25768","targetHints":{"allow":["GET"]}}],"collection":[{"href":"https:\/\/paneco.ch\/fr\/wp-json\/wp\/v2\/posts"}],"about":[{"href":"https:\/\/paneco.ch\/fr\/wp-json\/wp\/v2\/types\/post"}],"author":[{"embeddable":true,"href":"https:\/\/paneco.ch\/fr\/wp-json\/wp\/v2\/users\/2"}],"replies":[{"embeddable":true,"href":"https:\/\/paneco.ch\/fr\/wp-json\/wp\/v2\/comments?post=25768"}],"version-history":[{"count":2,"href":"https:\/\/paneco.ch\/fr\/wp-json\/wp\/v2\/posts\/25768\/revisions"}],"predecessor-version":[{"id":25966,"href":"https:\/\/paneco.ch\/fr\/wp-json\/wp\/v2\/posts\/25768\/revisions\/25966"}],"wp:attachment":[{"href":"https:\/\/paneco.ch\/fr\/wp-json\/wp\/v2\/media?parent=25768"}],"wp:term":[{"taxonomy":"category","embeddable":true,"href":"https:\/\/paneco.ch\/fr\/wp-json\/wp\/v2\/categories?post=25768"},{"taxonomy":"post_tag","embeddable":true,"href":"https:\/\/paneco.ch\/fr\/wp-json\/wp\/v2\/tags?post=25768"}],"curies":[{"name":"wp","href":"https:\/\/api.w.org\/{rel}","templated":true}]}}