{"id":30213,"date":"2022-04-27T12:11:03","date_gmt":"2022-04-27T12:11:03","guid":{"rendered":"https:\/\/paneco.ch\/?p=30213"},"modified":"2024-09-06T06:54:37","modified_gmt":"2024-09-06T06:54:37","slug":"le-quotidien-dune-veterinaire","status":"publish","type":"post","link":"https:\/\/paneco.ch\/fr\/le-quotidien-dune-veterinaire\/","title":{"rendered":"Le quotidien d&rsquo;une v\u00e9t\u00e9rinaire"},"content":{"rendered":"\n<p><strong>Bitte erz\u00e4hlen Sie uns etwas \u00fcber sich und Ihren Werdegang<\/strong>:<br\/>Ich bin auf der Insel Sulawesi geboren und aufgewachsen, auf der Insel Java habe ich sp\u00e4ter meinen Abschluss an der veterin\u00e4rmedizinischen Fakult\u00e4t der Universit\u00e4t gemacht. Nach meinem Abschluss 1998 zog ich auf die Insel Kalimantan (Indonesisch Borneo), um als Tier\u00e4rztin im Orang-Utan-Schutz zu arbeiten. 2017 bin ich nach Sumatra gezogen und schloss mich dem SOCP als Verantwortliche des Rehabilitations- und Wiedereinf\u00fchrungsprogramms an.<\/p>\n\n<div style=\"height:50px\" aria-hidden=\"true\" class=\"wp-block-spacer\"><\/div>\n\n<p><strong>Wie sieht Ihr typischer Tag aus?<\/strong><br\/>In meiner Position als Tier\u00e4rztin verbrachte ich den gr\u00f6ssten Teil des Tages bei den Orang-Utans, mit den Pflegern oder im Wald. Jetzt bin ich mehr im Management und besch\u00e4ftige mich mit verschiedenen Aspekten \u2013 nicht nur mit medizinischen. Obwohl ich nicht mehr jeden Tag im Wald bin, erfordert die aktuelle Position immer noch, dass ich hin und wieder vor Ort bin, um das Team zu unterst\u00fctzen, das Programm zu \u00fcberwachen und direktes Feedback zu erhalten. Diese Besuche vor Ort tragen viel dazu bei, die Situation besser zu verstehen und mir und dem Team zu helfen, Programme zu entwerfen und die besten L\u00f6sungen zu finden.<\/p>\n\n<div style=\"height:50px\" aria-hidden=\"true\" class=\"wp-block-spacer\"><\/div>\n\n<p><strong>Sie sind schon seit geraumer Zeit im Naturschutz t\u00e4tig. Was w\u00fcrden Sie sagen, hat sich seit Beginn ihrer Karriere am meisten ver\u00e4ndert?<\/strong><br\/>Als ich vor mehr als 20 Jahren anfing, war der Beruf des Tierarztes hier in Indonesien eine ungew\u00f6hnliche Karriere. Noch seltsamer war es, Tier\u00e4rztin f\u00fcr Wildtiere und Naturschutz zu werden. Im Naturschutzbereich waren nicht viele Leute involviert, die Fluktuation war sehr hoch. Heutzutage nimmt das Bewusstsein unter jungen Menschen zu, was dazu f\u00fchrt, dass sich mehr junge Menschen im Naturschutz engagieren. Obwohl der Regenwald und der Orang-Utan-Bestand weiter zur\u00fcckgehen, k\u00f6nnen diese jungen Menschen mit ihrer Entscheidung einen wesentlichen Beitrag zur Verlangsamung der Lebensraumzerst\u00f6rung und des R\u00fcckgangs der Artenvielfalt leisten, da sie die zuk\u00fcnftigen Entscheidungstr\u00e4ger*innen sind.<\/p>\n\n<div style=\"height:50px\" aria-hidden=\"true\" class=\"wp-block-spacer\"><\/div>\n\n<p><strong>Wenn es eine Sache g\u00e4be, die Ihnen Hoffnung gibt, was w\u00e4re das?<\/strong><br\/>Immer mehr junge Menschen k\u00fcmmern sich um unsere Umwelt und setzen sich auf so viel kreative Weise f\u00fcr ihre Stimme ein. Sie sind wirklich die Hoffnung f\u00fcr die Zukunft. Deshalb begeistert es mich immer wieder, mit jungen Menschen zusammenzuarbeiten.<\/p>\n\n<div style=\"height:50px\" aria-hidden=\"true\" class=\"wp-block-spacer\"><\/div>\n\n<figure class=\"wp-block-image size-large\"><img fetchpriority=\"high\" decoding=\"async\" width=\"1024\" height=\"768\" src=\"https:\/\/paneco.ch\/wp-content\/uploads\/2022\/04\/Citra-2-1024x768.jpg\" alt=\"\" class=\"wp-image-29756\" srcset=\"https:\/\/paneco.ch\/wp-content\/uploads\/2022\/04\/Citra-2-1024x768.jpg 1024w, https:\/\/paneco.ch\/wp-content\/uploads\/2022\/04\/Citra-2-300x225.jpg 300w, https:\/\/paneco.ch\/wp-content\/uploads\/2022\/04\/Citra-2-768x576.jpg 768w, https:\/\/paneco.ch\/wp-content\/uploads\/2022\/04\/Citra-2-1536x1152.jpg 1536w, https:\/\/paneco.ch\/wp-content\/uploads\/2022\/04\/Citra-2-2048x1536.jpg 2048w\" sizes=\"(max-width: 1024px) 100vw, 1024px\" \/><figcaption>Citra in Action: Sie zeigt Orang-Utan Dennis seine Transportbox. Der Orang-Utan wurde 2020 von der Auffang- und Pflegestation in die Auswilderungsstation Jambi transportiert.<\/figcaption><\/figure>\n\n<div style=\"height:50px\" aria-hidden=\"true\" class=\"wp-block-spacer\"><\/div>\n\n<p>Wir bedanken uns bei unseren Kolleg*innen von<em> <a href=\"http:\/\/orangutan.coffee\" target=\"_blank\" rel=\"noreferrer noopener\">\u00abOrangutan Coffee<\/a>\u00bb<\/em> f\u00fcr das tolle Interview. <\/p>\n","protected":false},"excerpt":{"rendered":"<p>Peut-\u00eatre connaissez-vous d\u00e9j\u00e0 la Dr Citrakasih Nente, que tout le monde appelle Citra, responsable des soins et de la r\u00e9introduction des orangs-outans dans le cadre de notre programme de protection. Elle a \u00e9t\u00e9 interview\u00e9e r\u00e9cemment par notre partenaire \u00ab Orangutan Coffee \u00bb. L\u2019interview a \u00e9t\u00e9 publi\u00e9e, nous d\u00e9sirons vous la faire partager. <\/p>\n","protected":false},"author":2,"featured_media":0,"comment_status":"closed","ping_status":"closed","sticky":false,"template":"","format":"standard","meta":{"site-sidebar-layout":"default","site-content-layout":"","ast-site-content-layout":"default","site-content-style":"default","site-sidebar-style":"default","ast-global-header-display":"","ast-banner-title-visibility":"","ast-main-header-display":"","ast-hfb-above-header-display":"","ast-hfb-below-header-display":"","ast-hfb-mobile-header-display":"","site-post-title":"","ast-breadcrumbs-content":"","ast-featured-img":"","footer-sml-layout":"","ast-disable-related-posts":"","theme-transparent-header-meta":"","adv-header-id-meta":"","stick-header-meta":"","header-above-stick-meta":"","header-main-stick-meta":"","header-below-stick-meta":"","astra-migrate-meta-layouts":"default","ast-page-background-enabled":"default","ast-page-background-meta":{"desktop":{"background-color":"var(--ast-global-color-4)","background-image":"","background-repeat":"repeat","background-position":"center center","background-size":"auto","background-attachment":"scroll","background-type":"","background-media":"","overlay-type":"","overlay-color":"","overlay-opacity":"","overlay-gradient":""},"tablet":{"background-color":"","background-image":"","background-repeat":"repeat","background-position":"center center","background-size":"auto","background-attachment":"scroll","background-type":"","background-media":"","overlay-type":"","overlay-color":"","overlay-opacity":"","overlay-gradient":""},"mobile":{"background-color":"","background-image":"","background-repeat":"repeat","background-position":"center center","background-size":"auto","background-attachment":"scroll","background-type":"","background-media":"","overlay-type":"","overlay-color":"","overlay-opacity":"","overlay-gradient":""}},"ast-content-background-meta":{"desktop":{"background-color":"var(--ast-global-color-5)","background-image":"","background-repeat":"repeat","background-position":"center center","background-size":"auto","background-attachment":"scroll","background-type":"","background-media":"","overlay-type":"","overlay-color":"","overlay-opacity":"","overlay-gradient":""},"tablet":{"background-color":"var(--ast-global-color-5)","background-image":"","background-repeat":"repeat","background-position":"center center","background-size":"auto","background-attachment":"scroll","background-type":"","background-media":"","overlay-type":"","overlay-color":"","overlay-opacity":"","overlay-gradient":""},"mobile":{"background-color":"var(--ast-global-color-5)","background-image":"","background-repeat":"repeat","background-position":"center center","background-size":"auto","background-attachment":"scroll","background-type":"","background-media":"","overlay-type":"","overlay-color":"","overlay-opacity":"","overlay-gradient":""}},"footnotes":""},"categories":[137,138,141],"tags":[],"class_list":["post-30213","post","type-post","status-publish","format-standard","hentry","category-histoire-orang-outan","category-protection-orang-outan","category-protection-foret-tropicale"],"_links":{"self":[{"href":"https:\/\/paneco.ch\/fr\/wp-json\/wp\/v2\/posts\/30213","targetHints":{"allow":["GET"]}}],"collection":[{"href":"https:\/\/paneco.ch\/fr\/wp-json\/wp\/v2\/posts"}],"about":[{"href":"https:\/\/paneco.ch\/fr\/wp-json\/wp\/v2\/types\/post"}],"author":[{"embeddable":true,"href":"https:\/\/paneco.ch\/fr\/wp-json\/wp\/v2\/users\/2"}],"replies":[{"embeddable":true,"href":"https:\/\/paneco.ch\/fr\/wp-json\/wp\/v2\/comments?post=30213"}],"version-history":[{"count":8,"href":"https:\/\/paneco.ch\/fr\/wp-json\/wp\/v2\/posts\/30213\/revisions"}],"predecessor-version":[{"id":39438,"href":"https:\/\/paneco.ch\/fr\/wp-json\/wp\/v2\/posts\/30213\/revisions\/39438"}],"wp:attachment":[{"href":"https:\/\/paneco.ch\/fr\/wp-json\/wp\/v2\/media?parent=30213"}],"wp:term":[{"taxonomy":"category","embeddable":true,"href":"https:\/\/paneco.ch\/fr\/wp-json\/wp\/v2\/categories?post=30213"},{"taxonomy":"post_tag","embeddable":true,"href":"https:\/\/paneco.ch\/fr\/wp-json\/wp\/v2\/tags?post=30213"}],"curies":[{"name":"wp","href":"https:\/\/api.w.org\/{rel}","templated":true}]}}