{"id":35262,"date":"2023-05-12T14:38:03","date_gmt":"2023-05-12T14:38:03","guid":{"rendered":"https:\/\/paneco.ch\/?p=35262"},"modified":"2023-07-06T15:06:31","modified_gmt":"2023-07-06T15:06:31","slug":"observations-de-la-nature-dans-les-zones-alluviales-de-la-thur","status":"publish","type":"post","link":"https:\/\/paneco.ch\/fr\/observations-de-la-nature-dans-les-zones-alluviales-de-la-thur\/","title":{"rendered":"Observations de la nature dans les zones alluviales de la Thur"},"content":{"rendered":"\n<p><strong>Observation des oiseaux dans les zones alluviales de la Thur<\/strong><\/p>\n\n\n\n<figure class=\"wp-block-image size-large\"><img fetchpriority=\"high\" decoding=\"async\" width=\"1024\" height=\"717\" src=\"https:\/\/paneco.ch\/wp-content\/uploads\/2023\/05\/Vogelbeobachtungspunkte-2-1024x717.png\" alt=\"\" class=\"wp-image-34823\" srcset=\"https:\/\/paneco.ch\/wp-content\/uploads\/2023\/05\/Vogelbeobachtungspunkte-2-1024x717.png 1024w, https:\/\/paneco.ch\/wp-content\/uploads\/2023\/05\/Vogelbeobachtungspunkte-2-300x210.png 300w, https:\/\/paneco.ch\/wp-content\/uploads\/2023\/05\/Vogelbeobachtungspunkte-2-768x538.png 768w, https:\/\/paneco.ch\/wp-content\/uploads\/2023\/05\/Vogelbeobachtungspunkte-2-1536x1075.png 1536w, https:\/\/paneco.ch\/wp-content\/uploads\/2023\/05\/Vogelbeobachtungspunkte-2-2048x1433.png 2048w\" sizes=\"(max-width: 1024px) 100vw, 1024px\" \/><\/figure>\n\n\n\n<p>En se promenant maintenant dans les prairies de la Thur, les yeux ouverts et les oreilles attentives, on fait des d\u00e9couvertes : des martins-p\u00eacheurs passant \u00e0 toute vitesse \u00e0 proximit\u00e9 de l&rsquo;eau, des pics tambourinant sur les arbres et des hirondelles rustiques ou des hirondelles de fen\u00eatre tournant au-dessus de l&rsquo;eau. Des points d&rsquo;observation camoufl\u00e9s ou sur\u00e9lev\u00e9s localement, appel\u00e9s \u00ab\u00a0hides\u00a0\u00bb, dans les zones alluviales de la Thur permettent \u00e9galement d&rsquo;observer en silence des oiseaux timides comme le loriot ou le combattant, une esp\u00e8ce proche du pluvier. <\/p>\n\n\n\n<figure class=\"wp-block-image size-large\"><img decoding=\"async\" width=\"1024\" height=\"768\" src=\"https:\/\/paneco.ch\/wp-content\/uploads\/2023\/05\/Vom-Hide-aus_quer-1024x768.jpg\" alt=\"\" class=\"wp-image-34483\" srcset=\"https:\/\/paneco.ch\/wp-content\/uploads\/2023\/05\/Vom-Hide-aus_quer-1024x768.jpg 1024w, https:\/\/paneco.ch\/wp-content\/uploads\/2023\/05\/Vom-Hide-aus_quer-300x225.jpg 300w, https:\/\/paneco.ch\/wp-content\/uploads\/2023\/05\/Vom-Hide-aus_quer-768x576.jpg 768w, https:\/\/paneco.ch\/wp-content\/uploads\/2023\/05\/Vom-Hide-aus_quer-1536x1152.jpg 1536w, https:\/\/paneco.ch\/wp-content\/uploads\/2023\/05\/Vom-Hide-aus_quer-2048x1536.jpg 2048w\" sizes=\"(max-width: 1024px) 100vw, 1024px\" \/><figcaption class=\"wp-element-caption\"><em>Il y a \u00e9galement beaucoup \u00e0 voir depuis le hide de Sch\u00f6ni, car on a vue sur une prairie humide.<\/em><\/figcaption><\/figure>\n\n\n\n<div style=\"height:50px\" aria-hidden=\"true\" class=\"wp-block-spacer\"><\/div>\n\n\n\n<p>Debout sur le bunker, on a une vue imprenable sur le Rhin et la Thur. Nos rangers y ont r\u00e9cemment d\u00e9couvert un h\u00e9ron nocturne. La tour actuellement d\u00e9mont\u00e9e, qui permet de voir le banc de gravier, sera prochainement remplac\u00e9e par une structure provisoire et une nouvelle tour devrait, l\u2019an prochain, permettre une meilleure observation des oiseaux.<\/p>\n\n\n\n<div style=\"height:50px\" aria-hidden=\"true\" class=\"wp-block-spacer\"><\/div>\n\n\n\n<p><strong>Observation de la for\u00eat et de l&rsquo;eau dans les zones alluviales de la Thur<\/strong><\/p>\n\n\n\n<figure class=\"wp-block-image size-large\"><img decoding=\"async\" width=\"1024\" height=\"717\" src=\"https:\/\/paneco.ch\/wp-content\/uploads\/2023\/05\/Wald-und-Wasserbeobachtungen-1-1024x717.png\" alt=\"\" class=\"wp-image-34826\" srcset=\"https:\/\/paneco.ch\/wp-content\/uploads\/2023\/05\/Wald-und-Wasserbeobachtungen-1-1024x717.png 1024w, https:\/\/paneco.ch\/wp-content\/uploads\/2023\/05\/Wald-und-Wasserbeobachtungen-1-300x210.png 300w, https:\/\/paneco.ch\/wp-content\/uploads\/2023\/05\/Wald-und-Wasserbeobachtungen-1-768x538.png 768w, https:\/\/paneco.ch\/wp-content\/uploads\/2023\/05\/Wald-und-Wasserbeobachtungen-1-1536x1075.png 1536w, https:\/\/paneco.ch\/wp-content\/uploads\/2023\/05\/Wald-und-Wasserbeobachtungen-1-2048x1433.png 2048w\" sizes=\"(max-width: 1024px) 100vw, 1024px\" \/><\/figure>\n\n\n\n<p>La for\u00eat est aussi tr\u00e8s vivante : blaireau, castor, chevreuil, renard, hermine etc. sont actifs. La r\u00e9serve foresti\u00e8re naturelle permet d&rsquo;observer un bon nombre de ces animaux. La plate-forme actuellement ferm\u00e9e sera bient\u00f4t remplac\u00e9e. La passerelle de la r\u00e9serve foresti\u00e8re naturelle reste malheureusement ferm\u00e9e pendant toute la saison, elle ne sera r\u00e9nov\u00e9e que l&rsquo;ann\u00e9e prochaine. N\u00e9anmoins, les sentiers qui entourent ces passerelles offrent un magnifique panorama sur la nature. Les diff\u00e9rents points d&rsquo;eau des zones alluviales de la Thur, comme les mares, les ruisseaux et les \u00e9tangs sont des lieux particuliers, car on y trouve des amphibiens, comme le sonneur \u00e0 ventre jaune, une esp\u00e8ce menac\u00e9e d&rsquo;extinction. Mais on y trouve aussi des couleuvres \u00e0 collier qui se pr\u00e9lassent \u00e9galement \u00e0 proximit\u00e9 de l&rsquo;eau et, bien s\u00fbr, des castors qui, comme on le devine facilement \u00e0 leurs traces, habitent le M\u00e4derbach.<\/p>\n\n\n\n<figure class=\"wp-block-image size-large\"><img loading=\"lazy\" decoding=\"async\" width=\"1024\" height=\"768\" src=\"https:\/\/paneco.ch\/wp-content\/uploads\/2023\/05\/Reparatur-Biberplattform-Thurspitz_quer-1024x768.jpg\" alt=\"\" class=\"wp-image-34486\" srcset=\"https:\/\/paneco.ch\/wp-content\/uploads\/2023\/05\/Reparatur-Biberplattform-Thurspitz_quer-1024x768.jpg 1024w, https:\/\/paneco.ch\/wp-content\/uploads\/2023\/05\/Reparatur-Biberplattform-Thurspitz_quer-300x225.jpg 300w, https:\/\/paneco.ch\/wp-content\/uploads\/2023\/05\/Reparatur-Biberplattform-Thurspitz_quer-768x576.jpg 768w, https:\/\/paneco.ch\/wp-content\/uploads\/2023\/05\/Reparatur-Biberplattform-Thurspitz_quer-1536x1152.jpg 1536w, https:\/\/paneco.ch\/wp-content\/uploads\/2023\/05\/Reparatur-Biberplattform-Thurspitz_quer-2048x1536.jpg 2048w\" sizes=\"(max-width: 1024px) 100vw, 1024px\" \/><figcaption class=\"wp-element-caption\"><em>Nos rangers viennent de patcher la plateforme castor.<\/em><\/figcaption><\/figure>\n\n\n\n<div style=\"height:50px\" aria-hidden=\"true\" class=\"wp-block-spacer\"><\/div>\n\n\n\n<figure class=\"wp-block-image size-large\"><img loading=\"lazy\" decoding=\"async\" width=\"1024\" height=\"768\" src=\"https:\/\/paneco.ch\/wp-content\/uploads\/2023\/05\/Pyramiden-Hundswurz-1024x768.jpg\" alt=\"\" class=\"wp-image-34496\" srcset=\"https:\/\/paneco.ch\/wp-content\/uploads\/2023\/05\/Pyramiden-Hundswurz-1024x768.jpg 1024w, https:\/\/paneco.ch\/wp-content\/uploads\/2023\/05\/Pyramiden-Hundswurz-300x225.jpg 300w, https:\/\/paneco.ch\/wp-content\/uploads\/2023\/05\/Pyramiden-Hundswurz-768x576.jpg 768w, https:\/\/paneco.ch\/wp-content\/uploads\/2023\/05\/Pyramiden-Hundswurz-1536x1152.jpg 1536w, https:\/\/paneco.ch\/wp-content\/uploads\/2023\/05\/Pyramiden-Hundswurz-2048x1536.jpg 2048w\" sizes=\"(max-width: 1024px) 100vw, 1024px\" \/><figcaption class=\"wp-element-caption\"><em>La houndsbane pyramidale appara\u00eet dans les pr\u00e9s comme une forte touche de couleur.<\/em><\/figcaption><\/figure>\n\n\n\n<div style=\"height:50px\" aria-hidden=\"true\" class=\"wp-block-spacer\"><\/div>\n\n\n\n<p><strong>Quelques conseils pour observer la nature<\/strong><\/p>\n\n\n\n<ul class=\"wp-block-list\">\n<li>Si l&rsquo;on examine les plantes \u00e0 la loupe, elles r\u00e9v\u00e8lent un merveilleux aper\u00e7u du monde fascinant des plantes.<\/li>\n\n\n\n<li>Se d\u00e9placer doucement en se camouflant: les sons forts et les couleurs vives peuvent effrayer les animaux.<\/li>\n\n\n\n<li>Le monde appartient \u00e0 ceux qui se l\u00e8vent t\u00f4t : c&rsquo;est t\u00f4t le matin et au cr\u00e9puscule que l&rsquo;on fait les meilleures observations.<\/li>\n<\/ul>\n\n\n\n<div style=\"height:30px\" aria-hidden=\"true\" class=\"wp-block-spacer\"><\/div>\n\n\n\n<div class=\"wp-block-buttons is-layout-flex wp-block-buttons-is-layout-flex\">\n<div class=\"wp-block-button\"><a class=\"wp-block-button__link wp-element-button\" href=\"https:\/\/naturzentrum-thurauen.ch\/fr\/faune-et-flore\/\">Esp\u00e8ces actuelles dans les Thurauen<\/a><\/div>\n<\/div>\n\n\n\n<div style=\"height:20px\" aria-hidden=\"true\" class=\"wp-block-spacer\"><\/div>\n\n\n\n<div class=\"wp-block-buttons is-layout-flex wp-block-buttons-is-layout-flex\"><\/div>\n","protected":false},"excerpt":{"rendered":"<p>Le mois de mai le loriot nous gratifie de son chant, les sonneurs \u00e0 ventre jaune sortent des mares et les papillons, les abeilles sauvages et Cie s&rsquo;activent \u00e0 nouveau sous le soleil. Les zones alluviales de la Thur offrent de nombreuses possibilit\u00e9s sensationnelles d&rsquo;observation de la nature. Aujourd&rsquo;hui, nous vous indiquons \u00e0 quel endroit exactement !<\/p>\n","protected":false},"author":13,"featured_media":0,"comment_status":"closed","ping_status":"closed","sticky":false,"template":"","format":"standard","meta":{"site-sidebar-layout":"default","site-content-layout":"","ast-site-content-layout":"default","site-content-style":"default","site-sidebar-style":"default","ast-global-header-display":"","ast-banner-title-visibility":"","ast-main-header-display":"","ast-hfb-above-header-display":"","ast-hfb-below-header-display":"","ast-hfb-mobile-header-display":"","site-post-title":"","ast-breadcrumbs-content":"","ast-featured-img":"","footer-sml-layout":"","ast-disable-related-posts":"","theme-transparent-header-meta":"","adv-header-id-meta":"","stick-header-meta":"","header-above-stick-meta":"","header-main-stick-meta":"","header-below-stick-meta":"","astra-migrate-meta-layouts":"default","ast-page-background-enabled":"default","ast-page-background-meta":{"desktop":{"background-color":"var(--ast-global-color-4)","background-image":"","background-repeat":"repeat","background-position":"center center","background-size":"auto","background-attachment":"scroll","background-type":"","background-media":"","overlay-type":"","overlay-color":"","overlay-opacity":"","overlay-gradient":""},"tablet":{"background-color":"","background-image":"","background-repeat":"repeat","background-position":"center center","background-size":"auto","background-attachment":"scroll","background-type":"","background-media":"","overlay-type":"","overlay-color":"","overlay-opacity":"","overlay-gradient":""},"mobile":{"background-color":"","background-image":"","background-repeat":"repeat","background-position":"center center","background-size":"auto","background-attachment":"scroll","background-type":"","background-media":"","overlay-type":"","overlay-color":"","overlay-opacity":"","overlay-gradient":""}},"ast-content-background-meta":{"desktop":{"background-color":"var(--ast-global-color-5)","background-image":"","background-repeat":"repeat","background-position":"center center","background-size":"auto","background-attachment":"scroll","background-type":"","background-media":"","overlay-type":"","overlay-color":"","overlay-opacity":"","overlay-gradient":""},"tablet":{"background-color":"var(--ast-global-color-5)","background-image":"","background-repeat":"repeat","background-position":"center center","background-size":"auto","background-attachment":"scroll","background-type":"","background-media":"","overlay-type":"","overlay-color":"","overlay-opacity":"","overlay-gradient":""},"mobile":{"background-color":"var(--ast-global-color-5)","background-image":"","background-repeat":"repeat","background-position":"center center","background-size":"auto","background-attachment":"scroll","background-type":"","background-media":"","overlay-type":"","overlay-color":"","overlay-opacity":"","overlay-gradient":""}},"footnotes":""},"categories":[136,133,140],"tags":[],"class_list":["post-35262","post","type-post","status-publish","format-standard","hentry","category-centre-nature-thurauen","category-flore-faune","category-service-de-rangers"],"_links":{"self":[{"href":"https:\/\/paneco.ch\/fr\/wp-json\/wp\/v2\/posts\/35262","targetHints":{"allow":["GET"]}}],"collection":[{"href":"https:\/\/paneco.ch\/fr\/wp-json\/wp\/v2\/posts"}],"about":[{"href":"https:\/\/paneco.ch\/fr\/wp-json\/wp\/v2\/types\/post"}],"author":[{"embeddable":true,"href":"https:\/\/paneco.ch\/fr\/wp-json\/wp\/v2\/users\/13"}],"replies":[{"embeddable":true,"href":"https:\/\/paneco.ch\/fr\/wp-json\/wp\/v2\/comments?post=35262"}],"version-history":[{"count":4,"href":"https:\/\/paneco.ch\/fr\/wp-json\/wp\/v2\/posts\/35262\/revisions"}],"predecessor-version":[{"id":35408,"href":"https:\/\/paneco.ch\/fr\/wp-json\/wp\/v2\/posts\/35262\/revisions\/35408"}],"wp:attachment":[{"href":"https:\/\/paneco.ch\/fr\/wp-json\/wp\/v2\/media?parent=35262"}],"wp:term":[{"taxonomy":"category","embeddable":true,"href":"https:\/\/paneco.ch\/fr\/wp-json\/wp\/v2\/categories?post=35262"},{"taxonomy":"post_tag","embeddable":true,"href":"https:\/\/paneco.ch\/fr\/wp-json\/wp\/v2\/tags?post=35262"}],"curies":[{"name":"wp","href":"https:\/\/api.w.org\/{rel}","templated":true}]}}